[{"@context":"https:\/\/schema.org\/","@type":"Article","@id":"https:\/\/www.fenixinspiration.cz\/vesty-pro-firmy\/#Article","mainEntityOfPage":"https:\/\/www.fenixinspiration.cz\/vesty-pro-firmy\/","headline":"Vesty pro firmy","name":"Vesty pro firmy","description":"Jako ka\u017ed\u00fd podnikatel nebo majitel firmy chce, aby jeho firma samoz\u0159ejm\u011b jenom vzkv\u00e9tala. Aby jeho firma byla opravdu perfektn\u00ed a aby tak\u00e9 jeho firma byla \u00fasp\u011b\u0161n\u00e1. Zat\u00edm ale tak\u00e9 stoj\u00ed opravdu mnoho n\u00e1ro\u010dn\u00fdch v\u011bc\u00ed a dal\u0161\u00edch operac\u00ed nebo tak\u00e9 obchod\u016f a tak podobn\u011b. Samoz\u0159ejm\u011b, \u017ee tak\u00e9 nem\u016f\u017eete zapomenout na n\u011bjak\u00fd","datePublished":"2025-10-04","dateModified":"2025-10-04","author":{"@type":"Person","@id":"https:\/\/www.fenixinspiration.cz\/author\/#Person","name":"","url":"https:\/\/www.fenixinspiration.cz\/author\/","identifier":1,"image":{"@type":"ImageObject","@id":"https:\/\/secure.gravatar.com\/avatar\/633c8fb9866a4b0403353760c35030d9478298d226363320d7bf91cdc3dbe3b6?s=96&d=mm&r=g","url":"https:\/\/secure.gravatar.com\/avatar\/633c8fb9866a4b0403353760c35030d9478298d226363320d7bf91cdc3dbe3b6?s=96&d=mm&r=g","height":96,"width":96}},"publisher":{"@type":"Organization","name":"fenixinspiration.cz","logo":{"@type":"ImageObject","@id":"\/logo.png","url":"\/logo.png","width":600,"height":60}},"image":{"@type":"ImageObject","@id":"https:\/\/www.fenixinspiration.cz\/wp-content\/uploads\/model_8.jpg","url":"https:\/\/www.fenixinspiration.cz\/wp-content\/uploads\/model_8.jpg","height":0,"width":0},"url":"https:\/\/www.fenixinspiration.cz\/vesty-pro-firmy\/","about":["Zbo\u017e\u00ed"],"wordCount":446,"articleBody":"      Jako ka\u017ed\u00fd podnikatel nebo majitel firmy chce, aby jeho firma samoz\u0159ejm\u011b jenom vzkv\u00e9tala. Aby jeho firma byla opravdu perfektn\u00ed a aby tak\u00e9 jeho firma byla \u00fasp\u011b\u0161n\u00e1. Zat\u00edm ale tak\u00e9 stoj\u00ed opravdu mnoho n\u00e1ro\u010dn\u00fdch v\u011bc\u00ed a dal\u0161\u00edch operac\u00ed nebo tak\u00e9 obchod\u016f a tak podobn\u011b. Samoz\u0159ejm\u011b, \u017ee tak\u00e9 nem\u016f\u017eete zapomenout na n\u011bjak\u00fd marketing nebo reklamn\u00ed marketing a tak podobn\u011b. N\u011bjak\u00e9 dal\u0161\u00ed reklamy, a\u0165 u\u017e billboardy anebo t\u0159eba i internetovou reklamu nebo n\u011bjak\u00e9 let\u00e1ky. V neposledn\u00ed \u0159ad\u011b bych tak\u00e9 v\u016fbec nemohla zapomenout na reklamn\u00ed p\u0159edm\u011bty.T\u0159eba oby\u010dejn\u00e9 reklamn\u00ed p\u0159edm\u011bty s potiskem anebo i s n\u011bjak\u00fdm n\u00e1pisem a tak d\u00e1le. Reklamn\u00ed vesty s potiskem jsou v posledn\u00ed dob\u011b velice obl\u00edben\u00e9 mezi podnikateli a j\u00e1 se jim nediv\u00edm, proto\u017ee v posledn\u00ed dob\u011b p\u0159ib\u00fdv\u00e1 firem, kter\u00e9 cht\u011bj\u00ed m\u00edt pr\u00e1v\u011b reklamn\u00ed vesty s potiskem. Nav\u00edc je prima, \u017ee tyto reklamn\u00ed vesty s potiskem mohou b\u00fdt i reflexn\u00ed. Nemus\u00ed to b\u00fdt v\u016fbec \u00fapln\u011b oby\u010dejn\u00e9 reklamn\u00ed vesty s potiskem. A pokud st\u00e1le si nejste jisti, jak by to prob\u00edhalo, kdybyste i vy cht\u011bli m\u00edt n\u011bjak\u00e9 reklamn\u00ed vesty s potiskem, tak si m\u016f\u017eete objednat samoz\u0159ejm\u011b i n\u011bjakou profesion\u00e1ln\u00ed reklamn\u00ed agenturu, proto\u017ee jenom reklamn\u00ed agentura bude v\u011bd\u011bt, co a jak m\u00e1 ud\u011blat, aby v\u0161echno bylo perfektn\u011b ud\u011blan\u00e9. Samoz\u0159ejm\u011b, \u017ee z\u00e1klad je hlavn\u011b na tom, aby materi\u00e1l byl kvalitn\u00ed.Aby i \u0161it\u00ed a ty ostatn\u00ed \u0161vy byly opravdu kr\u00e1sn\u011b spojen\u00e9. Aby se \u0161vy nikde nep\u00e1raly ihned po prvn\u00edm vypr\u00e1n\u00ed. Ur\u010dit\u011b zn\u00e1te tak\u00e9 n\u011bjak\u00e9 v\u00fdrobky nebo kusy oble\u010den\u00ed, kter\u00e9 se v\u00e1m po jedin\u00e9m vypr\u00e1n\u00ed \u00fapln\u011b rozbily? Samoz\u0159ejm\u011b, \u017ee tohle se ve v\u011bt\u0161in\u011b p\u0159\u00edpad\u016f st\u00e1v\u00e1 t\u011bm v\u011bcem, kter\u00e9 jsou \u00fapln\u011b levn\u00e9, a\u017e podez\u0159ele levn\u00e9. Tak\u017ee bych ur\u010dit\u011b nepodcenila kvalitu a materi\u00e1l t\u011bchto reklamn\u00edch vest s potiskem. A samoz\u0159ejm\u011b i potisk mus\u00ed b\u00fdt kvalitn\u011b ud\u011blan\u00fd. Samotn\u00fd potisk na vest\u011b mus\u00ed b\u00fdt kvalitn\u011b proveden\u00fd, aby se jenom tak neodb\u00edhal, aby t\u0159eba ten potisk nebo n\u00e1pis nesvl\u00e9kal. Kdy\u017e to vyperete nebo d\u00e1te do su\u0161i\u010dky, tak ve v\u011bt\u0161in\u011b p\u0159\u00edpad\u016f se to m\u016f\u017ee zni\u010dit, kdy\u017e to bude nekvalitn\u011b ud\u011blan\u00e9. Proto bych ur\u010dit\u011b takov\u00e9to reklamn\u00ed v\u011bci sv\u011b\u0159ila do rukou profesion\u00e1l\u016f a dal\u0161\u00edch odborn\u00edk\u016f, kte\u0159\u00ed se v tom vyznaj\u00ed.                                                                                                                                                                                                                                                                                                                                                                                                   "},{"@context":"https:\/\/schema.org\/","@type":"BreadcrumbList","itemListElement":[{"@type":"ListItem","position":1,"name":"Vesty pro firmy","item":"https:\/\/www.fenixinspiration.cz\/vesty-pro-firmy\/#breadcrumbitem"}]}]